{"id":10313,"date":"2023-03-16T08:57:14","date_gmt":"2023-03-16T14:57:14","guid":{"rendered":"https:\/\/contextoanalisisperiodistico.com\/?p=10313"},"modified":"2023-03-16T08:57:29","modified_gmt":"2023-03-16T14:57:29","slug":"apoya-a-la-juventud-el-municipio-de-oaxaca-de-juarez","status":"publish","type":"post","link":"https:\/\/contextoanalisisperiodistico.com\/index.php\/2023\/03\/16\/apoya-a-la-juventud-el-municipio-de-oaxaca-de-juarez\/","title":{"rendered":"Apoya a la juventud el Municipio de Oaxaca de Ju\u00e1rez"},"content":{"rendered":"<div id=\"fb-root\"><\/div>\n\n<ul>\n<li>En alianza con empresarios establecen el programa \u00abDescuentos para las juventudes\u00bb.<\/li>\n<\/ul>\n\n\n\n<p>Con el objetivo de coadyuvar al desarrollo de las y los j\u00f3venes e impulsar su bienestar, en el Instituto de Ciencias de la Educaci\u00f3n de la UABJO, se llev\u00f3 a cabo la firma de acuerdo de intenciones entre el municipio de Oaxaca de Ju\u00e1rez, a trav\u00e9s del Instituto Municipal de la Juventud, con diferentes empresas.<\/p>\n\n\n\n<p>Con esta firma de acuerdos las y los j\u00f3venes que est\u00e1n en un rango de edad comprendido entre los 12 a 29 a\u00f1os, podr\u00e1n ser beneficiarios de descuentos de los productos y\/o servicios que brindan estas empresas. Asimismo, se busca implementar un nuevo patr\u00f3n de consumo que sea local, ecol\u00f3gico, justo y respetuoso de los derechos humanos.<\/p>\n\n\n\n<p>Acompa\u00f1ado de la presidenta Honoraria del Comit\u00e9 Municipal del Sistema DIF Oaxaca, Bernarda Gonz\u00e1lez Rivas, el director del Instituto de Ciencias de la Educaci\u00f3n de la UABJO, H\u00e9ctor Aguilar Aguilar, la regidora de Desarrollo Economico y Mejora Regulatoria, Irasema Aquino Gonz\u00e1lez, la directora del Instituto Municipal de la Juventud, Fernanda Paola Garc\u00eda L\u00f3pez, as\u00ed como de los representantes de las empresas participantes, el presidente municipal de Oaxaca de Ju\u00e1rez, Francisco Mart\u00ednez Neri, manifest\u00f3 su alegr\u00eda por establecer esta relaci\u00f3n que beneficia a sectores muy importantes de la demarcaci\u00f3n municipal.<\/p>\n\n\n\n<p>Asimismo, agradeci\u00f3 a las empresas manifestando: \u201caqu\u00ed nos est\u00e1n dando un ejemplo de ser socialmente responsables. Sin ustedes no ser\u00eda posible esta actividad\u201d.<\/p>\n\n\n\n<p>En su intervenci\u00f3n, la directora del Instituto Municipal de la Juventud, Fernanda Paola Garc\u00eda L\u00f3pez, agradeci\u00f3 a las empresas participantes por sumarse a este proyecto, y conmin\u00f3 a las y los j\u00f3venes a aprovechar estos descuentos.<\/p>\n\n\n\n<p>En este sentido la regidora de Desarrollo Economico y Mejora Regulatoria, Irasema Aquino Gonz\u00e1lez, destac\u00f3 que este acuerdo tiene un doble prop\u00f3sito, ya que tambi\u00e9n se promueve el consumo local.<\/p>\n\n\n\n<p>Las empresas participantes son: Llantas Mao, Tecnopista de Hielo, Spa Aparatolog\u00eda By Clinic Corporation, Unillantas de Oaxaca, Express Wash, Proveedora Escolar, Museo Cret\u00e1cico, Floreria Natura, Oa Caf\u00e9 y Gimnasio Sport Mall.<\/p>\n\n\n\n<p>Por \u00faltimo, Jos\u00e9 Francisco Pinacho Arieta, en representaci\u00f3n de las empresas, subray\u00f3 la importancia de las alianzas p\u00fablico-privadas para la ciudadan\u00eda y anim\u00f3 a las y los j\u00f3venes a participar, aprovechando los descuentos.<\/p>\n\n\n\n<p>Con este acuerdo el municipio capitalino busca contribuir al desarrollo de las j\u00f3venes oaxaque\u00f1as y j\u00f3venes oaxaque\u00f1os mejorando su calidad de vida.<\/p>\n\n\n\n<figure class=\"wp-block-image size-large\"><img decoding=\"async\" src=\"https:\/\/contextoanalisisperiodistico.com\/wp-content\/uploads\/2023\/03\/img-20230316-wa00144171837732956325922-1024x683.jpg\" alt=\"\" class=\"wp-image-10315\"\/><\/figure>\n\n\n\n<figure class=\"wp-block-image\"><img decoding=\"async\" src=\"https:\/\/contextoanalisisperiodistico.com\/wp-content\/uploads\/2023\/03\/img-20230316-wa00157845111192823713778-1024x683.jpg\" alt=\"\" class=\"wp-image-10316\"\/><\/figure>\n","protected":false},"excerpt":{"rendered":"<p>Con el objetivo de coadyuvar al desarrollo de las y los j\u00f3venes e impulsar su&#8230;<\/p>\n","protected":false},"author":4,"featured_media":0,"comment_status":"open","ping_status":"open","sticky":false,"template":"","format":"standard","meta":{"footnotes":""},"categories":[7,9],"tags":[],"jetpack_sharing_enabled":true,"featured_image_urls":{"full":"","thumbnail":"","medium":"","medium_large":"","large":"","1536x1536":"","2048x2048":"","covernews-slider-full":"","covernews-slider-center":"","covernews-featured":"","covernews-medium":"","covernews-medium-square":""},"author_info":{"display_name":"Mario Gir\u00f3n","author_link":"https:\/\/contextoanalisisperiodistico.com\/index.php\/author\/director\/"},"category_info":"<a href=\"https:\/\/contextoanalisisperiodistico.com\/index.php\/category\/municipios\/\" rel=\"category tag\">Municipios<\/a> <a href=\"https:\/\/contextoanalisisperiodistico.com\/index.php\/category\/politica\/\" rel=\"category tag\">Pol\u00edtica<\/a>","tag_info":"Pol\u00edtica","comment_count":"0","jetpack_featured_media_url":"","_links":{"self":[{"href":"https:\/\/contextoanalisisperiodistico.com\/index.php\/wp-json\/wp\/v2\/posts\/10313"}],"collection":[{"href":"https:\/\/contextoanalisisperiodistico.com\/index.php\/wp-json\/wp\/v2\/posts"}],"about":[{"href":"https:\/\/contextoanalisisperiodistico.com\/index.php\/wp-json\/wp\/v2\/types\/post"}],"author":[{"embeddable":true,"href":"https:\/\/contextoanalisisperiodistico.com\/index.php\/wp-json\/wp\/v2\/users\/4"}],"replies":[{"embeddable":true,"href":"https:\/\/contextoanalisisperiodistico.com\/index.php\/wp-json\/wp\/v2\/comments?post=10313"}],"version-history":[{"count":1,"href":"https:\/\/contextoanalisisperiodistico.com\/index.php\/wp-json\/wp\/v2\/posts\/10313\/revisions"}],"predecessor-version":[{"id":10317,"href":"https:\/\/contextoanalisisperiodistico.com\/index.php\/wp-json\/wp\/v2\/posts\/10313\/revisions\/10317"}],"wp:attachment":[{"href":"https:\/\/contextoanalisisperiodistico.com\/index.php\/wp-json\/wp\/v2\/media?parent=10313"}],"wp:term":[{"taxonomy":"category","embeddable":true,"href":"https:\/\/contextoanalisisperiodistico.com\/index.php\/wp-json\/wp\/v2\/categories?post=10313"},{"taxonomy":"post_tag","embeddable":true,"href":"https:\/\/contextoanalisisperiodistico.com\/index.php\/wp-json\/wp\/v2\/tags?post=10313"}],"curies":[{"name":"wp","href":"https:\/\/api.w.org\/{rel}","templated":true}]}}