{"id":10286,"date":"2023-03-15T20:29:33","date_gmt":"2023-03-16T02:29:33","guid":{"rendered":"https:\/\/contextoanalisisperiodistico.com\/?p=10286"},"modified":"2023-03-15T20:44:11","modified_gmt":"2023-03-16T02:44:11","slug":"policia-municipal-detiene-a-dos-personas-como-presuntas-responsables-del-delito-de-tentativa-de-extorsion","status":"publish","type":"post","link":"https:\/\/contextoanalisisperiodistico.com\/index.php\/2023\/03\/15\/policia-municipal-detiene-a-dos-personas-como-presuntas-responsables-del-delito-de-tentativa-de-extorsion\/","title":{"rendered":"Polic\u00eda Municipal detiene a dos personas como presuntas responsables del delito de tentativa de extorsi\u00f3n"},"content":{"rendered":"<div id=\"fb-root\"><\/div>\n\n<p><br \/>Oaxaca de Ju\u00e1rez, Oax., 15 de marzo de 2023<\/p>\n\n\n\n<p>Elementos de la Polic\u00eda Municipal realizaron la detenci\u00f3n de dos personas al ser se\u00f1aladas como presuntas responsables del delito de tentativa de extorsi\u00f3n, por lo cual quedaron a disposici\u00f3n de la autoridad ministerial.<\/p>\n\n\n\n<p>El secretario de Seguridad Ciudadana, Movilidad y Protecci\u00f3n Civil, Ra\u00fal \u00c1vila Ibarra, dio a conocer que la detenci\u00f3n de quienes dijeron llamarse Israel R. R. y Jos\u00e9 Antonio H. R., de 31 y 38 a\u00f1os de edad, respectivamente, ocurri\u00f3 el martes a las 16:00 horas en la zona del mercado de abasto.<br \/>A esa hora, los elementos de Proximidad Social aplicaban un operativo de prevenci\u00f3n y vigilancia y al caminar cerca de la Pluma 3, del Perif\u00e9rico, fueron alertados por una persona, quien les pidi\u00f3 ayuda al indicar que su madre y su trabajadora hab\u00edan sido citadas en la privada de Las Casas, para pagar el producto de una extorsi\u00f3n.<br \/>La persona dijo que durante todo el d\u00eda, la empleada de su madre recibi\u00f3 varias llamadas para entregar un pago de 15 o 20 mil pesos a cambio no ser molestadas en su puesto en el mercado de Abasto.<br \/>Finalmente, el desconocido las cit\u00f3 en la privada de Las Casas y privada de Victoria, por lo cual las dos mujeres acudieron para saber de qui\u00e9n se trataba.<br \/>Al arribar a ese lugar, la persona se\u00f1al\u00f3 a su madre y su empleada, quienes conversaban con un sujeto que vest\u00eda sudadera color gris.<br \/>En ese momento, las mujeres dijeron que el sujeto les exig\u00eda el pago de 15 mil pesos, as\u00ed como se\u00f1al\u00f3 a su c\u00f3mplice, quien se encontraba junto a una motocicleta, quien tambi\u00e9n ya les hab\u00eda exigido el dinero a las comerciantes.<br \/>Ante el se\u00f1alamiento directo, procedieron a la detenci\u00f3n de las dos personas y en la inspecci\u00f3n precautoria, les hallaron dos tel\u00e9fonos celulares a cada uno de ellos, as\u00ed como tambi\u00e9n procedieron a asegurar la motocicleta marca Benelli-150 color rojo con blanco, sin placas de circulaci\u00f3n.<br \/>Al verificar su historial criminal en la Unidad de An\u00e1lisis de esta Secretar\u00eda, se estableci\u00f3 que ambos cuentan con antecedentes penales al haber sido procesados y sentenciados por delincuencia organizada en el a\u00f1o 2014.<br \/>Con estas acciones, la Polic\u00eda Municipal refrenda su compromiso de proteger y servir a la ciudadan\u00eda.<\/p>\n\n\n\n<figure class=\"wp-block-image size-large\"><img decoding=\"async\" src=\"https:\/\/contextoanalisisperiodistico.com\/wp-content\/uploads\/2023\/03\/img-20230315-wa01366605592855611065580.jpg\" alt=\"\" class=\"wp-image-10293\"\/><\/figure>\n","protected":false},"excerpt":{"rendered":"<p>Oaxaca de Ju\u00e1rez, Oax., 15 de marzo de 2023 Elementos de la Polic\u00eda Municipal realizaron&#8230;<\/p>\n","protected":false},"author":4,"featured_media":0,"comment_status":"open","ping_status":"open","sticky":false,"template":"","format":"standard","meta":{"footnotes":""},"categories":[10],"tags":[],"jetpack_sharing_enabled":true,"featured_image_urls":{"full":"","thumbnail":"","medium":"","medium_large":"","large":"","1536x1536":"","2048x2048":"","covernews-slider-full":"","covernews-slider-center":"","covernews-featured":"","covernews-medium":"","covernews-medium-square":""},"author_info":{"display_name":"Mario Gir\u00f3n","author_link":"https:\/\/contextoanalisisperiodistico.com\/index.php\/author\/director\/"},"category_info":"<a href=\"https:\/\/contextoanalisisperiodistico.com\/index.php\/category\/seguridad\/\" rel=\"category tag\">Seguridad<\/a>","tag_info":"Seguridad","comment_count":"0","jetpack_featured_media_url":"","_links":{"self":[{"href":"https:\/\/contextoanalisisperiodistico.com\/index.php\/wp-json\/wp\/v2\/posts\/10286"}],"collection":[{"href":"https:\/\/contextoanalisisperiodistico.com\/index.php\/wp-json\/wp\/v2\/posts"}],"about":[{"href":"https:\/\/contextoanalisisperiodistico.com\/index.php\/wp-json\/wp\/v2\/types\/post"}],"author":[{"embeddable":true,"href":"https:\/\/contextoanalisisperiodistico.com\/index.php\/wp-json\/wp\/v2\/users\/4"}],"replies":[{"embeddable":true,"href":"https:\/\/contextoanalisisperiodistico.com\/index.php\/wp-json\/wp\/v2\/comments?post=10286"}],"version-history":[{"count":5,"href":"https:\/\/contextoanalisisperiodistico.com\/index.php\/wp-json\/wp\/v2\/posts\/10286\/revisions"}],"predecessor-version":[{"id":10296,"href":"https:\/\/contextoanalisisperiodistico.com\/index.php\/wp-json\/wp\/v2\/posts\/10286\/revisions\/10296"}],"wp:attachment":[{"href":"https:\/\/contextoanalisisperiodistico.com\/index.php\/wp-json\/wp\/v2\/media?parent=10286"}],"wp:term":[{"taxonomy":"category","embeddable":true,"href":"https:\/\/contextoanalisisperiodistico.com\/index.php\/wp-json\/wp\/v2\/categories?post=10286"},{"taxonomy":"post_tag","embeddable":true,"href":"https:\/\/contextoanalisisperiodistico.com\/index.php\/wp-json\/wp\/v2\/tags?post=10286"}],"curies":[{"name":"wp","href":"https:\/\/api.w.org\/{rel}","templated":true}]}}