{"id":10281,"date":"2023-03-15T19:33:54","date_gmt":"2023-03-16T01:33:54","guid":{"rendered":"https:\/\/contextoanalisisperiodistico.com\/?p=10281"},"modified":"2023-03-15T19:34:06","modified_gmt":"2023-03-16T01:34:06","slug":"heredo-administracion-de-salomon-jara-adeudo-historico-por-12-mmdp-sso","status":"publish","type":"post","link":"https:\/\/contextoanalisisperiodistico.com\/index.php\/2023\/03\/15\/heredo-administracion-de-salomon-jara-adeudo-historico-por-12-mmdp-sso\/","title":{"rendered":"Hered\u00f3 administraci\u00f3n de Salom\u00f3n Jara adeudo hist\u00f3rico por 12 mmdp: SSO"},"content":{"rendered":"<div id=\"fb-root\"><\/div>\n\n<p>\u2022 Informa durante comparecencia ante congresistas del Congreso de Oaxaca estado que guarda la dependencia<\/p>\n\n\n\n<p>Oaxaca de Ju\u00e1rez, Oax., 15 de marzo de 2023.- La administraci\u00f3n del Gobernador del Estado de Oaxaca Salom\u00f3n Jara Cruz hered\u00f3 un adeudo hist\u00f3rico en materia de Servicios Personales por el orden de los 12 mil 629 millones de pesos y m\u00e1s de 358 millones a Terceros Institucionales, report\u00f3 la titular de los Servicios de Salud de Oaxaca (SSO), Alma Lilia Velasco Hern\u00e1ndez.<\/p>\n\n\n\n<p>Al comparecer ante la Comisi\u00f3n Permanente de Salud de la LXV Legislatura del Congreso del Estado donde inform\u00f3 el estado que guarda la dependencia a su cargo, precis\u00f3 que el adeudo se remonta al a\u00f1o 2003 y es con corte al 31 de enero de este ejercicio.<\/p>\n\n\n\n<p>Durante la rendici\u00f3n de cuentas ante las y los legisladores, la funcionaria asever\u00f3 que las pasadas administraciones dejaron 43 obras abandonadas y 751 veh\u00edculos no localizados.<\/p>\n\n\n\n<p>\u201cActualmente, ya se realizaron las observaciones de la entrega-recepci\u00f3n a la Secretar\u00eda de Honestidad, Transparencia y Funci\u00f3n P\u00fablica, estando en periodo de solventaci\u00f3n, por lo que una vez agotado lo anterior se proceder\u00e1 en t\u00e9rminos de Ley\u201d, dio a conocer.<\/p>\n\n\n\n<p>Detall\u00f3 que a la fecha se tienen reportado una plantilla de 17 mil 098 trabajadores, de los cuales seis mil 856 son personal de base, ocho mil 903 regularizados y formalizados, el resto son de honorarios, as\u00ed como planta estatal.<\/p>\n\n\n\n<p>Puntualiz\u00f3 durante esta administraci\u00f3n se gestionar\u00e1n y transparentar\u00e1n los recursos en materia de salud, adem\u00e1s de que juntos con el Gobernador del Estado, Salom\u00f3n Jara Cruz se proyecta rehabilitar 190 obras hospitalarias, para que las y los oaxaque\u00f1os cuenten con espacios m\u00e9dicos dignos.<\/p>\n\n\n\n<p>Con la presencia del diputado y presidente de la Junta de Coordinaci\u00f3n P\u00fablica, Luis Alfonso Silva Romo, y la presidenta de la mesa directiva del Congreso del Estado, M\u00edriam de los \u00c1ngeles V\u00e1squez Ruiz, mencion\u00f3 que, con la ayuda de las diputadas y diputados, se fortalecer\u00e1n los lazos de cooperaci\u00f3n y se trabajar\u00e1 en equipo para lograr mejores resultados en beneficio de la poblaci\u00f3n.<\/p>\n\n\n\n<p>Anunci\u00f3 que est\u00e1 en proceso la firma del Acuerdo de Coordinaci\u00f3n para establecer las acciones generales para la ampliaci\u00f3n de la operaci\u00f3n del Programa IMSS-Bienestar en el Estado de Oaxaca; \u201cel d\u00eda de ayer llevamos cabo una reuni\u00f3n con representantes del Instituto Mexicano del Seguro Social (IMSS), el Instituto de Salud para el Bienestar (Insabi) e integrantes de la secci\u00f3n 35 del Sindicato Nacional de Trabajadores de la Secretar\u00eda de Salud (SNTSA), para presentar los avances de la transici\u00f3n a este sistema\u201d.<\/p>\n\n\n\n<p>Posteriormente, las integrantes de la comisi\u00f3n permanente de salud, diputadas; Hayde\u00e9 Irma Reyes Soto, Rosalinda L\u00f3pez Garc\u00eda, Antonia Natividad D\u00edaz Jim\u00e9nez, y Reyna Anaid Concha Ojeda, coincidieron en que es de suma importancia trabajar juntos, para garantizar a la poblaci\u00f3n la salud y bienestar, con unidades m\u00e9dicas y personal de salud necesario, adem\u00e1s que las farmacias cuenten con el suficiente abasto de medicamentos, a fin de que se brinde un servicio de calidad.<\/p>\n\n\n\n<p>M\u00e1s adelante, se llev\u00f3 a cabo la presentaci\u00f3n de la iniciativa de Ley de Prevenci\u00f3n, Tratamiento y Control de las Adicciones para el estado de Oaxaca, as\u00ed como la propuesta de realizaci\u00f3n de foros para su difusi\u00f3n y la participaci\u00f3n ciudadana en un ejercicio de parlamento abierto, as\u00ed como la presentaci\u00f3n de la propuesta de iniciativa de Ley de Salud Mental para el estado de Oaxaca.<\/p>\n\n\n\n<p>-0-<\/p>\n\n\n\n<figure class=\"wp-block-image size-large\"><img decoding=\"async\" src=\"https:\/\/contextoanalisisperiodistico.com\/wp-content\/uploads\/2023\/03\/img-20230315-wa00999011008984250152046-1024x576.jpg\" alt=\"\" class=\"wp-image-10284\"\/><\/figure>\n\n\n\n<figure class=\"wp-block-image\"><img decoding=\"async\" src=\"https:\/\/contextoanalisisperiodistico.com\/wp-content\/uploads\/2023\/03\/img-20230315-wa01012168091227638303929-1024x576.jpg\" alt=\"\" class=\"wp-image-10283\"\/><\/figure>\n","protected":false},"excerpt":{"rendered":"<p>\u2022 Informa durante comparecencia ante congresistas del Congreso de Oaxaca estado que guarda la dependencia&#8230;<\/p>\n","protected":false},"author":4,"featured_media":0,"comment_status":"open","ping_status":"open","sticky":false,"template":"","format":"standard","meta":{"footnotes":""},"categories":[9],"tags":[],"jetpack_sharing_enabled":true,"featured_image_urls":{"full":"","thumbnail":"","medium":"","medium_large":"","large":"","1536x1536":"","2048x2048":"","covernews-slider-full":"","covernews-slider-center":"","covernews-featured":"","covernews-medium":"","covernews-medium-square":""},"author_info":{"display_name":"Mario Gir\u00f3n","author_link":"https:\/\/contextoanalisisperiodistico.com\/index.php\/author\/director\/"},"category_info":"<a href=\"https:\/\/contextoanalisisperiodistico.com\/index.php\/category\/politica\/\" rel=\"category tag\">Pol\u00edtica<\/a>","tag_info":"Pol\u00edtica","comment_count":"0","jetpack_featured_media_url":"","_links":{"self":[{"href":"https:\/\/contextoanalisisperiodistico.com\/index.php\/wp-json\/wp\/v2\/posts\/10281"}],"collection":[{"href":"https:\/\/contextoanalisisperiodistico.com\/index.php\/wp-json\/wp\/v2\/posts"}],"about":[{"href":"https:\/\/contextoanalisisperiodistico.com\/index.php\/wp-json\/wp\/v2\/types\/post"}],"author":[{"embeddable":true,"href":"https:\/\/contextoanalisisperiodistico.com\/index.php\/wp-json\/wp\/v2\/users\/4"}],"replies":[{"embeddable":true,"href":"https:\/\/contextoanalisisperiodistico.com\/index.php\/wp-json\/wp\/v2\/comments?post=10281"}],"version-history":[{"count":1,"href":"https:\/\/contextoanalisisperiodistico.com\/index.php\/wp-json\/wp\/v2\/posts\/10281\/revisions"}],"predecessor-version":[{"id":10285,"href":"https:\/\/contextoanalisisperiodistico.com\/index.php\/wp-json\/wp\/v2\/posts\/10281\/revisions\/10285"}],"wp:attachment":[{"href":"https:\/\/contextoanalisisperiodistico.com\/index.php\/wp-json\/wp\/v2\/media?parent=10281"}],"wp:term":[{"taxonomy":"category","embeddable":true,"href":"https:\/\/contextoanalisisperiodistico.com\/index.php\/wp-json\/wp\/v2\/categories?post=10281"},{"taxonomy":"post_tag","embeddable":true,"href":"https:\/\/contextoanalisisperiodistico.com\/index.php\/wp-json\/wp\/v2\/tags?post=10281"}],"curies":[{"name":"wp","href":"https:\/\/api.w.org\/{rel}","templated":true}]}}