{"id":10262,"date":"2023-03-15T15:03:06","date_gmt":"2023-03-15T21:03:06","guid":{"rendered":"https:\/\/contextoanalisisperiodistico.com\/index.php\/2023\/03\/15\/ogaipo-aprueba-suspension-de-plazos-para-la-secretaria-de-finanzas\/"},"modified":"2023-03-15T15:03:06","modified_gmt":"2023-03-15T21:03:06","slug":"ogaipo-aprueba-suspension-de-plazos-para-la-secretaria-de-finanzas","status":"publish","type":"post","link":"https:\/\/contextoanalisisperiodistico.com\/index.php\/2023\/03\/15\/ogaipo-aprueba-suspension-de-plazos-para-la-secretaria-de-finanzas\/","title":{"rendered":"OGAIPO aprueba suspensi\u00f3n de plazos para la secretar\u00eda de Finanzas"},"content":{"rendered":"<div id=\"fb-root\"><\/div>\n\n<p>O<strong>axaca de Ju\u00e1rez, Oaxaca, a 15 de marzo de 2023.-\u00a0<\/strong>Con fundamento en la Constituci\u00f3n Pol\u00edtica de los Estados Unidos Mexicanos, en la Constituci\u00f3n Pol\u00edtica del Estado Libre y Soberano de Oaxaca, en la Ley de Transparencia, Acceso a la Informaci\u00f3n P\u00fablica y Buen Gobierno del Estado de Oaxaca y del Reglamento Interno del \u00d3rgano Garante de Acceso a la Informaci\u00f3n P\u00fablica, Transparencia, Protecci\u00f3n de Datos Personales y Buen Gobierno del Estado de Oaxaca (OGAIPO), la tarde de hoy, el Pleno del \u00d3rgano Local de Transparencia celebr\u00f3 la Quinta Sesi\u00f3n Extraordinaria 2023.<\/p>\n\n\n\n<p>&nbsp;<\/p>\n\n\n\n<p>En la Sesi\u00f3n particip\u00f3 el Consejo General del OGAIPO, integrado por las Comisionadas, Claudia Ivette Soto Pineda, Mar\u00eda Tanivet Ramos Reyes, X\u00f3chitl Elizabeth M\u00e9ndez S\u00e1nchez, el Comisionado Jos\u00e9 Luis Echeverr\u00eda Morales y el Comisionado Presidente, Josu\u00e9 Solana Salmor\u00e1n.<\/p>\n\n\n\n<p>&nbsp;<\/p>\n\n\n\n<p>Mediante acuerdo, el Pleno del OGAIPO aprob\u00f3 por unanimidad, la suspensi\u00f3n de plazos legales para la sustanciaci\u00f3n en los procedimientos para la tramitaci\u00f3n de solicitudes de acceso a la informaci\u00f3n y protecci\u00f3n de datos personales, recursos de revisi\u00f3n, quejas y denuncias, as\u00ed como, la publicaci\u00f3n y actualizaci\u00f3n de las obligaciones de transparencia y la solventaci\u00f3n de las mismas para la Secretar\u00eda de Finanzas.<\/p>\n\n\n\n<p>&nbsp;<\/p>\n\n\n\n<p>Dicho plazo a partir del 13 de marzo y hasta en tanto, se encuentre en condiciones de poder dar cumplimiento a las obligaciones de transparencia que establecen las leyes en la materia.&nbsp;<\/p>\n","protected":false},"excerpt":{"rendered":"<p>Oaxaca de Ju\u00e1rez, Oaxaca, a 15 de marzo de 2023.-\u00a0Con fundamento en la Constituci\u00f3n Pol\u00edtica&#8230;<\/p>\n","protected":false},"author":4,"featured_media":0,"comment_status":"open","ping_status":"open","sticky":false,"template":"","format":"standard","meta":{"footnotes":""},"categories":[3],"tags":[],"jetpack_sharing_enabled":true,"featured_image_urls":{"full":"","thumbnail":"","medium":"","medium_large":"","large":"","1536x1536":"","2048x2048":"","covernews-slider-full":"","covernews-slider-center":"","covernews-featured":"","covernews-medium":"","covernews-medium-square":""},"author_info":{"display_name":"Mario Gir\u00f3n","author_link":"https:\/\/contextoanalisisperiodistico.com\/index.php\/author\/director\/"},"category_info":"<a href=\"https:\/\/contextoanalisisperiodistico.com\/index.php\/category\/ciudad\/\" rel=\"category tag\">Ciudad<\/a>","tag_info":"Ciudad","comment_count":"0","jetpack_featured_media_url":"","_links":{"self":[{"href":"https:\/\/contextoanalisisperiodistico.com\/index.php\/wp-json\/wp\/v2\/posts\/10262"}],"collection":[{"href":"https:\/\/contextoanalisisperiodistico.com\/index.php\/wp-json\/wp\/v2\/posts"}],"about":[{"href":"https:\/\/contextoanalisisperiodistico.com\/index.php\/wp-json\/wp\/v2\/types\/post"}],"author":[{"embeddable":true,"href":"https:\/\/contextoanalisisperiodistico.com\/index.php\/wp-json\/wp\/v2\/users\/4"}],"replies":[{"embeddable":true,"href":"https:\/\/contextoanalisisperiodistico.com\/index.php\/wp-json\/wp\/v2\/comments?post=10262"}],"version-history":[{"count":0,"href":"https:\/\/contextoanalisisperiodistico.com\/index.php\/wp-json\/wp\/v2\/posts\/10262\/revisions"}],"wp:attachment":[{"href":"https:\/\/contextoanalisisperiodistico.com\/index.php\/wp-json\/wp\/v2\/media?parent=10262"}],"wp:term":[{"taxonomy":"category","embeddable":true,"href":"https:\/\/contextoanalisisperiodistico.com\/index.php\/wp-json\/wp\/v2\/categories?post=10262"},{"taxonomy":"post_tag","embeddable":true,"href":"https:\/\/contextoanalisisperiodistico.com\/index.php\/wp-json\/wp\/v2\/tags?post=10262"}],"curies":[{"name":"wp","href":"https:\/\/api.w.org\/{rel}","templated":true}]}}