{"id":10242,"date":"2023-03-14T22:03:08","date_gmt":"2023-03-15T04:03:08","guid":{"rendered":"https:\/\/contextoanalisisperiodistico.com\/index.php\/2023\/03\/14\/falso-paro-de-labores-en-movilidad-proximidad-social-y-proteccion-civil-municipal\/"},"modified":"2023-03-14T22:03:08","modified_gmt":"2023-03-15T04:03:08","slug":"falso-paro-de-labores-en-movilidad-proximidad-social-y-proteccion-civil-municipal","status":"publish","type":"post","link":"https:\/\/contextoanalisisperiodistico.com\/index.php\/2023\/03\/14\/falso-paro-de-labores-en-movilidad-proximidad-social-y-proteccion-civil-municipal\/","title":{"rendered":"Falso paro de labores en Movilidad, Proximidad Social y Protecci\u00f3n Civil municipal"},"content":{"rendered":"<div id=\"fb-root\"><\/div>\n\n<p><em>Comunicado<\/em><br \/>La Secretar\u00eda de Seguridad Ciudadana, Movilidad y Protecci\u00f3n Civil informa a la ciudadan\u00eda que, en relaci\u00f3n a las notas publicadas en medios digitales en donde dan por cierto que se inici\u00f3 un paro de labores en la Direcci\u00f3n de Movilidad, la informaci\u00f3n es totalmente falsa.<\/p>\n\n\n\n<p>Las Direcciones de Proximidad Social, Movilidad y Protecci\u00f3n Civil, contin\u00faan trabajando de manera normal para brindar las mejores condiciones de seguridad p\u00fablica para las y los habitantes de la capital del estado.<\/p>\n\n\n\n<p>La Secretar\u00eda de Seguridad Ciudadana, Movilidad y Protecci\u00f3n Civil, lamenta que publiquen notas sin verificar las fuentes, convirtiendo en verdad lo que solo son rumores de las redes sociales.<\/p>\n\n\n\n<p>La Secretar\u00eda trabaja con normalidad con acciones de prevenci\u00f3n del delito en el municipio de Oaxaca de Ju\u00e1rez, para cumplir la encomienda de proteger y servir a la comunidad.<\/p>\n","protected":false},"excerpt":{"rendered":"<p>ComunicadoLa Secretar\u00eda de Seguridad Ciudadana, Movilidad y Protecci\u00f3n Civil informa a la ciudadan\u00eda que, en&#8230;<\/p>\n","protected":false},"author":4,"featured_media":0,"comment_status":"open","ping_status":"open","sticky":false,"template":"","format":"standard","meta":{"footnotes":""},"categories":[3],"tags":[],"jetpack_sharing_enabled":true,"featured_image_urls":{"full":"","thumbnail":"","medium":"","medium_large":"","large":"","1536x1536":"","2048x2048":"","covernews-slider-full":"","covernews-slider-center":"","covernews-featured":"","covernews-medium":"","covernews-medium-square":""},"author_info":{"display_name":"Mario Gir\u00f3n","author_link":"https:\/\/contextoanalisisperiodistico.com\/index.php\/author\/director\/"},"category_info":"<a href=\"https:\/\/contextoanalisisperiodistico.com\/index.php\/category\/ciudad\/\" rel=\"category tag\">Ciudad<\/a>","tag_info":"Ciudad","comment_count":"0","jetpack_featured_media_url":"","_links":{"self":[{"href":"https:\/\/contextoanalisisperiodistico.com\/index.php\/wp-json\/wp\/v2\/posts\/10242"}],"collection":[{"href":"https:\/\/contextoanalisisperiodistico.com\/index.php\/wp-json\/wp\/v2\/posts"}],"about":[{"href":"https:\/\/contextoanalisisperiodistico.com\/index.php\/wp-json\/wp\/v2\/types\/post"}],"author":[{"embeddable":true,"href":"https:\/\/contextoanalisisperiodistico.com\/index.php\/wp-json\/wp\/v2\/users\/4"}],"replies":[{"embeddable":true,"href":"https:\/\/contextoanalisisperiodistico.com\/index.php\/wp-json\/wp\/v2\/comments?post=10242"}],"version-history":[{"count":0,"href":"https:\/\/contextoanalisisperiodistico.com\/index.php\/wp-json\/wp\/v2\/posts\/10242\/revisions"}],"wp:attachment":[{"href":"https:\/\/contextoanalisisperiodistico.com\/index.php\/wp-json\/wp\/v2\/media?parent=10242"}],"wp:term":[{"taxonomy":"category","embeddable":true,"href":"https:\/\/contextoanalisisperiodistico.com\/index.php\/wp-json\/wp\/v2\/categories?post=10242"},{"taxonomy":"post_tag","embeddable":true,"href":"https:\/\/contextoanalisisperiodistico.com\/index.php\/wp-json\/wp\/v2\/tags?post=10242"}],"curies":[{"name":"wp","href":"https:\/\/api.w.org\/{rel}","templated":true}]}}