{"id":10224,"date":"2023-03-14T17:00:16","date_gmt":"2023-03-14T23:00:16","guid":{"rendered":"https:\/\/contextoanalisisperiodistico.com\/?p=10224"},"modified":"2023-03-14T17:01:01","modified_gmt":"2023-03-14T23:01:01","slug":"recorre-secretario-de-administracion-antonino-morales-polideportivo-zona-poniente-del-ito","status":"publish","type":"post","link":"https:\/\/contextoanalisisperiodistico.com\/index.php\/2023\/03\/14\/recorre-secretario-de-administracion-antonino-morales-polideportivo-zona-poniente-del-ito\/","title":{"rendered":"Recorre Secretario de Administraci\u00f3n, Antonino Morales, Polideportivo Zona Poniente del ITO"},"content":{"rendered":"<div id=\"fb-root\"><\/div>\n\n<ul>\n<li>Destaca que se trabaja con expertos para la elaboraci\u00f3n de un Plan Integral de Mejora de los Parques y Centros Recreativos del Gobierno del Estado<\/li>\n<\/ul>\n\n\n\n<p>Oaxaca de Ju\u00e1rez.- El secretario de Administraci\u00f3n del Gobierno del Estado, Antonino Morales Toledo, dio conocer la puesta en marcha de un plan integral de mejoramiento de los espacios p\u00fablicos y deportivos pertenecientes o que est\u00e1n en comodato en esta dependencia.<\/p>\n\n\n\n<p>Al realizar un recorrido por las instalaciones del complejo Polideportivo Zona Poniente del Instituto Tecnol\u00f3gico de Oaxaca, (ITO), en donde di\u00e1logo con el director general de dicha instituci\u00f3n, Fernando Toledo Toledo, el responsable de la pol\u00edtica administrativa estatal se\u00f1al\u00f3 que t\u00e9cnicos expertos realizar\u00e1n un diagn\u00f3stico de las unidades deportivas, misma que permitir\u00e1 reconocer y resolver las diversas problem\u00e1ticas que se han presentado.<\/p>\n\n\n\n<p>Morales Toledo destac\u00f3 que como fue la instrucci\u00f3n del gobernador Salom\u00f3n Jara Cruz, de hacer un gobierno de territorio y no de escritorio, por ello recorre personalmente las unidades deportivas, para conocer las condiciones en las que se encuentran dichos espacios, as\u00ed como identificar las \u00e1reas de oportunidad.<\/p>\n\n\n\n<p>El secretario de Administraci\u00f3n pidi\u00f3 al pueblo de Oaxaca tener confianza porque en breve se comenzar\u00e1n a generar acciones, planeadas y no improvisadas para atender las demandas, toda vez que se atender\u00e1n espacios como la alberca ol\u00edmpica, canchas, pistas y otras \u00e1reas para el disfrute de j\u00f3venes deportistas.<\/p>\n\n\n\n<p>\u00abRealizamos estas visitas para brindar un mejor servicio a la ciudadan\u00eda, tengan la confianza que vamos a dar respuesta en tiempo y forma con mantenimiento preventivo y correctivo\u00bb, apunt\u00f3.<\/p>\n\n\n\n<p>Asimismo, el director general del ITO, Fernando Toledo, agradeci\u00f3 el inter\u00e9s y el compromiso del secretario de Administraci\u00f3n Antonino Morales Toledo, para conocer de cerca las necesidades de los espacios deportivos y as\u00ed corresponder a los planteamientos de las y los estudiantes.<\/p>\n\n\n\n<p>Mencion\u00f3 que a pesar de la deuda que los gobiernos anteriores ten\u00edan con la comunidad estudiantil, hoy se ve clara una ruta de transformaci\u00f3n del estado.<\/p>\n\n\n\n<figure class=\"wp-block-image size-large\"><img decoding=\"async\" src=\"https:\/\/contextoanalisisperiodistico.com\/wp-content\/uploads\/2023\/03\/img-20230314-wa01484461286239595693779-1024x682.jpg\" alt=\"\" class=\"wp-image-10226\"\/><\/figure>\n\n\n\n<figure class=\"wp-block-image\"><img decoding=\"async\" src=\"https:\/\/contextoanalisisperiodistico.com\/wp-content\/uploads\/2023\/03\/img-20230314-wa01504127813352595397341-1024x682.jpg\" alt=\"\" class=\"wp-image-10229\"\/><\/figure>\n\n\n\n<figure class=\"wp-block-image\"><img decoding=\"async\" src=\"https:\/\/contextoanalisisperiodistico.com\/wp-content\/uploads\/2023\/03\/img-20230314-wa01496504039636335923469-1024x682.jpg\" alt=\"\" class=\"wp-image-10228\"\/><\/figure>\n\n\n\n<figure class=\"wp-block-image\"><img decoding=\"async\" src=\"https:\/\/contextoanalisisperiodistico.com\/wp-content\/uploads\/2023\/03\/img-20230314-wa0154663813914099880973-1024x682.jpg\" alt=\"\" class=\"wp-image-10227\"\/><\/figure>\n","protected":false},"excerpt":{"rendered":"<p>Oaxaca de Ju\u00e1rez.- El secretario de Administraci\u00f3n del Gobierno del Estado, Antonino Morales Toledo, dio&#8230;<\/p>\n","protected":false},"author":4,"featured_media":0,"comment_status":"open","ping_status":"open","sticky":false,"template":"","format":"standard","meta":{"footnotes":""},"categories":[3],"tags":[],"jetpack_sharing_enabled":true,"featured_image_urls":{"full":"","thumbnail":"","medium":"","medium_large":"","large":"","1536x1536":"","2048x2048":"","covernews-slider-full":"","covernews-slider-center":"","covernews-featured":"","covernews-medium":"","covernews-medium-square":""},"author_info":{"display_name":"Mario Gir\u00f3n","author_link":"https:\/\/contextoanalisisperiodistico.com\/index.php\/author\/director\/"},"category_info":"<a href=\"https:\/\/contextoanalisisperiodistico.com\/index.php\/category\/ciudad\/\" rel=\"category tag\">Ciudad<\/a>","tag_info":"Ciudad","comment_count":"0","jetpack_featured_media_url":"","_links":{"self":[{"href":"https:\/\/contextoanalisisperiodistico.com\/index.php\/wp-json\/wp\/v2\/posts\/10224"}],"collection":[{"href":"https:\/\/contextoanalisisperiodistico.com\/index.php\/wp-json\/wp\/v2\/posts"}],"about":[{"href":"https:\/\/contextoanalisisperiodistico.com\/index.php\/wp-json\/wp\/v2\/types\/post"}],"author":[{"embeddable":true,"href":"https:\/\/contextoanalisisperiodistico.com\/index.php\/wp-json\/wp\/v2\/users\/4"}],"replies":[{"embeddable":true,"href":"https:\/\/contextoanalisisperiodistico.com\/index.php\/wp-json\/wp\/v2\/comments?post=10224"}],"version-history":[{"count":1,"href":"https:\/\/contextoanalisisperiodistico.com\/index.php\/wp-json\/wp\/v2\/posts\/10224\/revisions"}],"predecessor-version":[{"id":10230,"href":"https:\/\/contextoanalisisperiodistico.com\/index.php\/wp-json\/wp\/v2\/posts\/10224\/revisions\/10230"}],"wp:attachment":[{"href":"https:\/\/contextoanalisisperiodistico.com\/index.php\/wp-json\/wp\/v2\/media?parent=10224"}],"wp:term":[{"taxonomy":"category","embeddable":true,"href":"https:\/\/contextoanalisisperiodistico.com\/index.php\/wp-json\/wp\/v2\/categories?post=10224"},{"taxonomy":"post_tag","embeddable":true,"href":"https:\/\/contextoanalisisperiodistico.com\/index.php\/wp-json\/wp\/v2\/tags?post=10224"}],"curies":[{"name":"wp","href":"https:\/\/api.w.org\/{rel}","templated":true}]}}