{"id":10188,"date":"2023-03-13T09:14:10","date_gmt":"2023-03-13T15:14:10","guid":{"rendered":"https:\/\/contextoanalisisperiodistico.com\/?p=10188"},"modified":"2023-03-13T09:14:44","modified_gmt":"2023-03-13T15:14:44","slug":"rechaza-ieepo-la-violencia-como-forma-de-manifestacion","status":"publish","type":"post","link":"https:\/\/contextoanalisisperiodistico.com\/index.php\/2023\/03\/13\/rechaza-ieepo-la-violencia-como-forma-de-manifestacion\/","title":{"rendered":"Rechaza IEEPO la violencia como forma de manifestaci\u00f3n"},"content":{"rendered":"<div id=\"fb-root\"><\/div>\n\n<ul>\n<li>El Instituto hace un llamado a los estudiantes y egresados normalistas a encauzar sus planteamientos por la v\u00eda pac\u00edfica, legal y del entendimiento<\/li>\n<\/ul>\n\n\n\n<p>Oaxaca de Ju\u00e1rez, Oax., 12 de marzo de 2023.- El Instituto Estatal de Educaci\u00f3n P\u00fablica de Oaxaca (IEEPO), rechaza de manera contundente toda forma de manifestaci\u00f3n de violencia que atente contra derechos de terceros o en contra de las propias instituciones, como los hechos sucedidos la tarde de este domingo al exterior del Palacio de Gobierno, por parte de grupo de j\u00f3venes normalistas.<\/p>\n\n\n\n<p>Como se ha demostrado, el Instituto mantiene un di\u00e1logo abierto, transparente y en un marco de respeto al Estado de Derecho, que no debe ser vulnerado con acciones de confrontaci\u00f3n.<\/p>\n\n\n\n<p>El IEEPO hace un llamado a las y los estudiantes y egresados normalistas a encauzar sus planteamientos por la v\u00eda pac\u00edfica, legal y del entendimiento, sin dejarse manipular por intereses ajenos a sus causas. El di\u00e1logo y la confianza siempre ser\u00e1n la mejor v\u00eda para construir y lograr acuerdos, puesto que es incongruente exigir la aplicaci\u00f3n de la ley con hechos violentos.<\/p>\n\n\n\n<p>La construcci\u00f3n de la educaci\u00f3n que requiere Oaxaca es tarea indispensable de todas y todos en el nuevo Pacto Social para vivir en paz, en la transformaci\u00f3n con la Reparaci\u00f3n Hist\u00f3rica de los pueblos a trav\u00e9s de las pol\u00edticas de bienestar y el Desarrollo Integral y Sustentable de las ocho regiones del estado, ejes de la administraci\u00f3n del Gobernador Salom\u00f3n Jara Cruz, con base en lo cual el IEEPO da atenci\u00f3n a las y los normalistas.<\/p>\n\n\n\n<p>-0-<\/p>\n","protected":false},"excerpt":{"rendered":"<p>Oaxaca de Ju\u00e1rez, Oax., 12 de marzo de 2023.- El Instituto Estatal de Educaci\u00f3n P\u00fablica&#8230;<\/p>\n","protected":false},"author":4,"featured_media":0,"comment_status":"open","ping_status":"open","sticky":false,"template":"","format":"standard","meta":{"footnotes":""},"categories":[9],"tags":[],"jetpack_sharing_enabled":true,"featured_image_urls":{"full":"","thumbnail":"","medium":"","medium_large":"","large":"","1536x1536":"","2048x2048":"","covernews-slider-full":"","covernews-slider-center":"","covernews-featured":"","covernews-medium":"","covernews-medium-square":""},"author_info":{"display_name":"Mario Gir\u00f3n","author_link":"https:\/\/contextoanalisisperiodistico.com\/index.php\/author\/director\/"},"category_info":"<a href=\"https:\/\/contextoanalisisperiodistico.com\/index.php\/category\/politica\/\" rel=\"category tag\">Pol\u00edtica<\/a>","tag_info":"Pol\u00edtica","comment_count":"0","jetpack_featured_media_url":"","_links":{"self":[{"href":"https:\/\/contextoanalisisperiodistico.com\/index.php\/wp-json\/wp\/v2\/posts\/10188"}],"collection":[{"href":"https:\/\/contextoanalisisperiodistico.com\/index.php\/wp-json\/wp\/v2\/posts"}],"about":[{"href":"https:\/\/contextoanalisisperiodistico.com\/index.php\/wp-json\/wp\/v2\/types\/post"}],"author":[{"embeddable":true,"href":"https:\/\/contextoanalisisperiodistico.com\/index.php\/wp-json\/wp\/v2\/users\/4"}],"replies":[{"embeddable":true,"href":"https:\/\/contextoanalisisperiodistico.com\/index.php\/wp-json\/wp\/v2\/comments?post=10188"}],"version-history":[{"count":1,"href":"https:\/\/contextoanalisisperiodistico.com\/index.php\/wp-json\/wp\/v2\/posts\/10188\/revisions"}],"predecessor-version":[{"id":10190,"href":"https:\/\/contextoanalisisperiodistico.com\/index.php\/wp-json\/wp\/v2\/posts\/10188\/revisions\/10190"}],"wp:attachment":[{"href":"https:\/\/contextoanalisisperiodistico.com\/index.php\/wp-json\/wp\/v2\/media?parent=10188"}],"wp:term":[{"taxonomy":"category","embeddable":true,"href":"https:\/\/contextoanalisisperiodistico.com\/index.php\/wp-json\/wp\/v2\/categories?post=10188"},{"taxonomy":"post_tag","embeddable":true,"href":"https:\/\/contextoanalisisperiodistico.com\/index.php\/wp-json\/wp\/v2\/tags?post=10188"}],"curies":[{"name":"wp","href":"https:\/\/api.w.org\/{rel}","templated":true}]}}