{"id":10145,"date":"2023-03-11T18:30:57","date_gmt":"2023-03-12T00:30:57","guid":{"rendered":"https:\/\/contextoanalisisperiodistico.com\/?p=10145"},"modified":"2023-03-11T18:31:04","modified_gmt":"2023-03-12T00:31:04","slug":"contundente-mas-de-11-mil-militantes-de-fuco-participan-en-calenda-por-100-dias-de-gobierno-de-salomon-jara","status":"publish","type":"post","link":"https:\/\/contextoanalisisperiodistico.com\/index.php\/2023\/03\/11\/contundente-mas-de-11-mil-militantes-de-fuco-participan-en-calenda-por-100-dias-de-gobierno-de-salomon-jara\/","title":{"rendered":"Contundente: m\u00e1s de 11 mil militantes de FUCO participan en Calenda por 100 d\u00edas de gobierno de Salom\u00f3n Jara"},"content":{"rendered":"<div id=\"fb-root\"><\/div>\n\n<blockquote class=\"wp-block-quote\">\n<blockquote class=\"wp-block-quote\">\n<p>Marcha masiva y contundente de FUCO para respaldar al Gobierno de la Transformaci\u00f3n<\/p>\n<\/blockquote>\n<\/blockquote>\n\n\n\n<p>Oaxaca de Ju\u00e1rez.- M\u00e1s de 11 mil militantes del Frente Unido de Comunidades Oaxaque\u00f1as, (FUCO) marcharon en esta ciudad para respaldar los 100 d\u00edas de Gobierno de la administraci\u00f3n de Salom\u00f3n Jara Cruz, quienes tambi\u00e9n expresaron su total apoyo a las acciones por la transformaci\u00f3n de Oaxaca.<\/p>\n\n\n\n<p>La multitudinaria marcha, que parti\u00f3 de la Fuente de las 8 regiones, fue encabezada por el presidente de FUCO, Gheraldy Orozco Mart\u00ednez, la se\u00f1ora Silvia Santos P\u00e9rez y el referente de la organizaci\u00f3n Pedro Bladimir, quienes arropados por los militantes y simpatizantes, recorrieron las principales calles de la Verde Antequera hasta llegar al z\u00f3calo.<\/p>\n\n\n\n<p>Las muestras de apoyo se hicieron notar, portando banderas, cartulinas y lonas, as\u00ed como expresiones de entusiasmo, al gobernador del estado Salom\u00f3n Jara Cruz, por los resultados a 100 d\u00edas de la administraci\u00f3n estatal.<\/p>\n\n\n\n<p>Al respecto, el presidente de Fuco, Gheraldy Orozco Mart\u00ednez, destac\u00f3 que como nunca antes Oaxaca, escribe una nueva historia con la transformaci\u00f3n, toda vez que a escasos 100 d\u00edas de gobierno, los resultados son contundentes y palpables.<\/p>\n\n\n\n<p>El joven dirigente, expuso que la Primavera Oaxaque\u00f1a, es la mejor oportunidad que tiene Oaxaca y todo el pa\u00eds para alcanzar el desarrollo, ya que se enfoca en los que menos tienen, resuelve necesidades de los pueblos y comunidades olvidadas y tambi\u00e9n proyecta y trabaja por un mejor futuro para el pueblo de Oaxaca.<\/p>\n\n\n\n<p>Geraldhy Orozco tambi\u00e9n se\u00f1al\u00f3 que la Primavera Oaxaque\u00f1a, es resultado del compromiso del mandatario estatal con el pueblo de Oaxaca.<\/p>\n\n\n\n<h1 class=\"wp-block-heading\">100D\u00edasTransformandoOaxaca<\/h1>\n\n\n\n<figure class=\"wp-block-image size-large\"><img decoding=\"async\" src=\"https:\/\/contextoanalisisperiodistico.com\/wp-content\/uploads\/2023\/03\/img-20230310-wa01422288766210697171129-1024x576.jpg\" alt=\"\" class=\"wp-image-10147\"\/><\/figure>\n","protected":false},"excerpt":{"rendered":"<p>Oaxaca de Ju\u00e1rez.- M\u00e1s de 11 mil militantes del Frente Unido de Comunidades Oaxaque\u00f1as, (FUCO)&#8230;<\/p>\n","protected":false},"author":4,"featured_media":0,"comment_status":"open","ping_status":"open","sticky":false,"template":"","format":"standard","meta":{"footnotes":""},"categories":[9],"tags":[],"jetpack_sharing_enabled":true,"featured_image_urls":{"full":"","thumbnail":"","medium":"","medium_large":"","large":"","1536x1536":"","2048x2048":"","covernews-slider-full":"","covernews-slider-center":"","covernews-featured":"","covernews-medium":"","covernews-medium-square":""},"author_info":{"display_name":"Mario Gir\u00f3n","author_link":"https:\/\/contextoanalisisperiodistico.com\/index.php\/author\/director\/"},"category_info":"<a href=\"https:\/\/contextoanalisisperiodistico.com\/index.php\/category\/politica\/\" rel=\"category tag\">Pol\u00edtica<\/a>","tag_info":"Pol\u00edtica","comment_count":"0","jetpack_featured_media_url":"","_links":{"self":[{"href":"https:\/\/contextoanalisisperiodistico.com\/index.php\/wp-json\/wp\/v2\/posts\/10145"}],"collection":[{"href":"https:\/\/contextoanalisisperiodistico.com\/index.php\/wp-json\/wp\/v2\/posts"}],"about":[{"href":"https:\/\/contextoanalisisperiodistico.com\/index.php\/wp-json\/wp\/v2\/types\/post"}],"author":[{"embeddable":true,"href":"https:\/\/contextoanalisisperiodistico.com\/index.php\/wp-json\/wp\/v2\/users\/4"}],"replies":[{"embeddable":true,"href":"https:\/\/contextoanalisisperiodistico.com\/index.php\/wp-json\/wp\/v2\/comments?post=10145"}],"version-history":[{"count":1,"href":"https:\/\/contextoanalisisperiodistico.com\/index.php\/wp-json\/wp\/v2\/posts\/10145\/revisions"}],"predecessor-version":[{"id":10148,"href":"https:\/\/contextoanalisisperiodistico.com\/index.php\/wp-json\/wp\/v2\/posts\/10145\/revisions\/10148"}],"wp:attachment":[{"href":"https:\/\/contextoanalisisperiodistico.com\/index.php\/wp-json\/wp\/v2\/media?parent=10145"}],"wp:term":[{"taxonomy":"category","embeddable":true,"href":"https:\/\/contextoanalisisperiodistico.com\/index.php\/wp-json\/wp\/v2\/categories?post=10145"},{"taxonomy":"post_tag","embeddable":true,"href":"https:\/\/contextoanalisisperiodistico.com\/index.php\/wp-json\/wp\/v2\/tags?post=10145"}],"curies":[{"name":"wp","href":"https:\/\/api.w.org\/{rel}","templated":true}]}}