{"id":10123,"date":"2023-03-11T12:49:52","date_gmt":"2023-03-11T18:49:52","guid":{"rendered":"https:\/\/contextoanalisisperiodistico.com\/?p=10123"},"modified":"2023-03-11T12:50:04","modified_gmt":"2023-03-11T18:50:04","slug":"ofrece-resultados-a-oaxaca-secretaria-de-administracion-a-100-dias-de-gobierno","status":"publish","type":"post","link":"https:\/\/contextoanalisisperiodistico.com\/index.php\/2023\/03\/11\/ofrece-resultados-a-oaxaca-secretaria-de-administracion-a-100-dias-de-gobierno\/","title":{"rendered":"Ofrece resultados a Oaxaca Secretar\u00eda de Administraci\u00f3n a 100 d\u00edas de Gobierno"},"content":{"rendered":"<div id=\"fb-root\"><\/div>\n\n<p>\u2022 Durante el Informe presentado por el Gobernador Salom\u00f3n Jara Cruz enfatiz\u00f3 que con la Ley de Austeridad se eliminaron los privilegios y se ahorraron m\u00e1s de 500 mdp para destinarlos a gastos sociales<\/p>\n\n\n\n<p>Al cumplirse los primeros 100 d\u00edas del inicio de un gobierno popular y cercano a la gente, la Secretar\u00eda de Administraci\u00f3n, encabezada por su titular Antonino Morales Toledo ha entregado buenos resultados al realizar una reingenier\u00eda del gasto, lo que permiti\u00f3 un ahorro superior a los 500 millones de pesos.<\/p>\n\n\n\n<p>Durante el Informe de Resultados, llevado a cabo frente a Palacio de Gobierno, el gobernador Salom\u00f3n Jara Cruz dio cuenta de las principales acciones realizadas, donde destac\u00f3 que derivado de la Ley de Austeridad se eliminaron los privilegios y lujos de gastos innecesarios del gobierno, ahorrando m\u00e1s de 500 millones de pesos.<\/p>\n\n\n\n<p>\u201cPresentamos y promulgamos la Ley de Austeridad Republicana y pusimos el ejemplo con un Plan de Austeridad del Poder Ejecutivo para eliminar los privilegios, los lujos y los gastos excesivos e innecesarios en el gobierno, con esto ahorramos aproximadamente 500 millones de pesos para destinarlos a programas sociales y servicios p\u00fablicos\u201d, se\u00f1al\u00f3 Salom\u00f3n Jara Cruz.<\/p>\n\n\n\n<p>Cabe destacar que el pasado lunes 6 de marzo se present\u00f3 en Palacio de Gobierno el Plan de Austeridad, en el cual la Secretar\u00eda de Administraci\u00f3n report\u00f3 un ahorro por el orden de los 286 millones 559 mil 88 pesos, en el rubro de servicios personales.<\/p>\n\n\n\n<p>\u201cDe acuerdo al tipo de n\u00f3mina que son base, confianza y haberes se registr\u00f3 un ahorro de 286 millones 559 mil 88 pesos. En tanto, en las modalidades de contrato-confianza, contrato-contrato, mandos medios y superiores, remuneraci\u00f3n al desempe\u00f1o laboral (RDL) y honorarios asimilados se obtuvo un ahorro de 208.7 millones de pesos\u00bb, asegur\u00f3 el secretario de Administraci\u00f3n.<\/p>\n\n\n\n<figure class=\"wp-block-image size-large\"><img decoding=\"async\" src=\"https:\/\/contextoanalisisperiodistico.com\/wp-content\/uploads\/2023\/03\/img-20230311-wa00303244259111766386417-1024x683.jpg\" alt=\"\" class=\"wp-image-10125\"><\/figure>\n\n\n\n<figure class=\"wp-block-image\"><img decoding=\"async\" src=\"https:\/\/contextoanalisisperiodistico.com\/wp-content\/uploads\/2023\/03\/img-20230311-wa00326954458368414408641-1024x683.jpg\" alt=\"\" class=\"wp-image-10127\"><\/figure>\n\n\n\n<figure class=\"wp-block-image\"><img decoding=\"async\" src=\"https:\/\/contextoanalisisperiodistico.com\/wp-content\/uploads\/2023\/03\/img-20230311-wa00318139704998369922295-1024x683.jpg\" alt=\"\" class=\"wp-image-10126\"><\/figure>\n","protected":false},"excerpt":{"rendered":"<p>\u2022 Durante el Informe presentado por el Gobernador Salom\u00f3n Jara Cruz enfatiz\u00f3 que con la&#8230;<\/p>\n","protected":false},"author":4,"featured_media":0,"comment_status":"open","ping_status":"open","sticky":false,"template":"","format":"standard","meta":{"footnotes":""},"categories":[9],"tags":[],"jetpack_sharing_enabled":true,"featured_image_urls":{"full":"","thumbnail":"","medium":"","medium_large":"","large":"","1536x1536":"","2048x2048":"","covernews-slider-full":"","covernews-slider-center":"","covernews-featured":"","covernews-medium":"","covernews-medium-square":""},"author_info":{"display_name":"Mario Gir\u00f3n","author_link":"https:\/\/contextoanalisisperiodistico.com\/index.php\/author\/director\/"},"category_info":"<a href=\"https:\/\/contextoanalisisperiodistico.com\/index.php\/category\/politica\/\" rel=\"category tag\">Pol\u00edtica<\/a>","tag_info":"Pol\u00edtica","comment_count":"0","jetpack_featured_media_url":"","_links":{"self":[{"href":"https:\/\/contextoanalisisperiodistico.com\/index.php\/wp-json\/wp\/v2\/posts\/10123"}],"collection":[{"href":"https:\/\/contextoanalisisperiodistico.com\/index.php\/wp-json\/wp\/v2\/posts"}],"about":[{"href":"https:\/\/contextoanalisisperiodistico.com\/index.php\/wp-json\/wp\/v2\/types\/post"}],"author":[{"embeddable":true,"href":"https:\/\/contextoanalisisperiodistico.com\/index.php\/wp-json\/wp\/v2\/users\/4"}],"replies":[{"embeddable":true,"href":"https:\/\/contextoanalisisperiodistico.com\/index.php\/wp-json\/wp\/v2\/comments?post=10123"}],"version-history":[{"count":1,"href":"https:\/\/contextoanalisisperiodistico.com\/index.php\/wp-json\/wp\/v2\/posts\/10123\/revisions"}],"predecessor-version":[{"id":10128,"href":"https:\/\/contextoanalisisperiodistico.com\/index.php\/wp-json\/wp\/v2\/posts\/10123\/revisions\/10128"}],"wp:attachment":[{"href":"https:\/\/contextoanalisisperiodistico.com\/index.php\/wp-json\/wp\/v2\/media?parent=10123"}],"wp:term":[{"taxonomy":"category","embeddable":true,"href":"https:\/\/contextoanalisisperiodistico.com\/index.php\/wp-json\/wp\/v2\/categories?post=10123"},{"taxonomy":"post_tag","embeddable":true,"href":"https:\/\/contextoanalisisperiodistico.com\/index.php\/wp-json\/wp\/v2\/tags?post=10123"}],"curies":[{"name":"wp","href":"https:\/\/api.w.org\/{rel}","templated":true}]}}