{"id":10003,"date":"2023-03-09T16:27:13","date_gmt":"2023-03-09T22:27:13","guid":{"rendered":"https:\/\/contextoanalisisperiodistico.com\/?p=10003"},"modified":"2023-03-09T16:27:20","modified_gmt":"2023-03-09T22:27:20","slug":"signan-convenio-el-municipio-de-oaxaca-de-juarez-y-la-finabien","status":"publish","type":"post","link":"https:\/\/contextoanalisisperiodistico.com\/index.php\/2023\/03\/09\/signan-convenio-el-municipio-de-oaxaca-de-juarez-y-la-finabien\/","title":{"rendered":"Signan convenio el Municipio de Oaxaca de Ju\u00e1rez y la FINABIEN"},"content":{"rendered":"<div id=\"fb-root\"><\/div>\n\n<p>\u2022 La finalidad del convenio es establecer alianzas institucionales que permitan a las y los ciudadanos acceder a servicios financieros de calidad.<\/p>\n\n\n\n<p>Oaxaca de Ju\u00e1rez, Oax., a 09 de marzo de 2023. Con la finalidad de establecer alianzas institucionales a favor de las y los ciudadanos de Oaxaca de Ju\u00e1rez, el d\u00eda de hoy se llev\u00f3 a cabo la firma del convenio marco de colaboraci\u00f3n entre la Financiera para el Bienestar (FINABIEN) y el Honorable Ayuntamiento de Oaxaca de Ju\u00e1rez.<\/p>\n\n\n\n<p>Cabe mencionar que este convenio es resultado de diversas pl\u00e1ticas, reuniones y gestiones sostenidas entre el municipio capitalino y la FINABIEN, mediante el cual se busca ofrecer servicios financieros como remesas, cr\u00e9dito, microcr\u00e9ditos y ahorro, con \u00e9nfasis en los grupos sociales m\u00e1s desprotegidos, para las y los habitantes del municipio capitalino.<\/p>\n\n\n\n<p>En su intervenci\u00f3n, la directora general de la FINABIEN, Mar\u00eda del Roc\u00edo Mej\u00eda Flores, se\u00f1al\u00f3 la importancia de contar con un aliado del gobierno federal como el municipio de Oaxaca de Ju\u00e1rez.<\/p>\n\n\n\n<p>En su intervenci\u00f3n, el edil capitalino, Francisco Mart\u00ednez Neri, acompa\u00f1ado de la subdirectora de Procesos y Supervisi\u00f3n, Elsa Amalia Castellanos L\u00f3pez, la Gerente Estatal en Oaxaca, Luz Irene del Carmen Montes Lara y la Gerente Comercial de Comunicaci\u00f3n y Nuevos Modelos de Negocio, Ruth Fajardo Gonz\u00e1lez, as\u00ed como funcionarios federales y municipales, puntualiz\u00f3 que para el municipio de Oaxaca de Ju\u00e1rez resulta de gran importancia la firma del convenio marco de colaboraci\u00f3n.<\/p>\n\n\n\n<p>\u201cMuch\u00edsimas gracias a la FINABIEN por esta distinci\u00f3n de que Oaxaca de Ju\u00e1rez, forme parte de los planes nacionales\u201d.<\/p>\n\n\n\n<p>Cabe se\u00f1alar que la Financiera para el Bienestar es un organismo descentralizado de la Administraci\u00f3n P\u00fablica Federal, encargado de ofrecer servicios y productos financieros, as\u00ed como de telecomunicaciones, con \u00e9nfasis en los grupos sociales m\u00e1s desprotegidos, que contribuyan a cerrar las brechas financieras y digitales del pa\u00eds.<\/p>\n\n\n\n<p>En este sentido, la firma del convenio tendr\u00e1 un gran impacto positivo en la ciudadan\u00eda. Sin duda, este convenio representa una gran oportunidad para las y los habitantes de Oaxaca de Ju\u00e1rez, quienes podr\u00e1n acceder a servicios financieros de calidad que les permitir\u00e1n mejorar su calidad de vida.<\/p>\n\n\n\n<figure class=\"wp-block-image size-large\"><img decoding=\"async\" src=\"https:\/\/contextoanalisisperiodistico.com\/wp-content\/uploads\/2023\/03\/img-20230309-wa00786488581087270591728-1024x683.jpg\" alt=\"\" class=\"wp-image-10005\"\/><\/figure>\n\n\n\n<figure class=\"wp-block-image\"><img decoding=\"async\" src=\"https:\/\/contextoanalisisperiodistico.com\/wp-content\/uploads\/2023\/03\/img-20230309-wa00798502367451641837210-1024x683.jpg\" alt=\"\" class=\"wp-image-10006\"\/><\/figure>\n","protected":false},"excerpt":{"rendered":"<p>\u2022 La finalidad del convenio es establecer alianzas institucionales que permitan a las y los&#8230;<\/p>\n","protected":false},"author":4,"featured_media":0,"comment_status":"open","ping_status":"open","sticky":false,"template":"","format":"standard","meta":{"footnotes":""},"categories":[9],"tags":[],"jetpack_sharing_enabled":true,"featured_image_urls":{"full":"","thumbnail":"","medium":"","medium_large":"","large":"","1536x1536":"","2048x2048":"","covernews-slider-full":"","covernews-slider-center":"","covernews-featured":"","covernews-medium":"","covernews-medium-square":""},"author_info":{"display_name":"Mario Gir\u00f3n","author_link":"https:\/\/contextoanalisisperiodistico.com\/index.php\/author\/director\/"},"category_info":"<a href=\"https:\/\/contextoanalisisperiodistico.com\/index.php\/category\/politica\/\" rel=\"category tag\">Pol\u00edtica<\/a>","tag_info":"Pol\u00edtica","comment_count":"0","jetpack_featured_media_url":"","_links":{"self":[{"href":"https:\/\/contextoanalisisperiodistico.com\/index.php\/wp-json\/wp\/v2\/posts\/10003"}],"collection":[{"href":"https:\/\/contextoanalisisperiodistico.com\/index.php\/wp-json\/wp\/v2\/posts"}],"about":[{"href":"https:\/\/contextoanalisisperiodistico.com\/index.php\/wp-json\/wp\/v2\/types\/post"}],"author":[{"embeddable":true,"href":"https:\/\/contextoanalisisperiodistico.com\/index.php\/wp-json\/wp\/v2\/users\/4"}],"replies":[{"embeddable":true,"href":"https:\/\/contextoanalisisperiodistico.com\/index.php\/wp-json\/wp\/v2\/comments?post=10003"}],"version-history":[{"count":1,"href":"https:\/\/contextoanalisisperiodistico.com\/index.php\/wp-json\/wp\/v2\/posts\/10003\/revisions"}],"predecessor-version":[{"id":10007,"href":"https:\/\/contextoanalisisperiodistico.com\/index.php\/wp-json\/wp\/v2\/posts\/10003\/revisions\/10007"}],"wp:attachment":[{"href":"https:\/\/contextoanalisisperiodistico.com\/index.php\/wp-json\/wp\/v2\/media?parent=10003"}],"wp:term":[{"taxonomy":"category","embeddable":true,"href":"https:\/\/contextoanalisisperiodistico.com\/index.php\/wp-json\/wp\/v2\/categories?post=10003"},{"taxonomy":"post_tag","embeddable":true,"href":"https:\/\/contextoanalisisperiodistico.com\/index.php\/wp-json\/wp\/v2\/tags?post=10003"}],"curies":[{"name":"wp","href":"https:\/\/api.w.org\/{rel}","templated":true}]}}